{"id":631,"date":"2020-08-09T20:34:57","date_gmt":"2020-08-09T20:34:57","guid":{"rendered":"http:\/\/icee-mexico.com\/?p=631"},"modified":"2020-10-14T02:05:48","modified_gmt":"2020-10-14T02:05:48","slug":"curso-teorico-practico-de-motricidad-fina-en-primera-infancia","status":"publish","type":"post","link":"https:\/\/icee-mexico.com\/index.php\/2020\/08\/09\/curso-teorico-practico-de-motricidad-fina-en-primera-infancia\/","title":{"rendered":"Taller: Estrategias l\u00fadicas para el desarrollo de la inteligencia emocional infantil en el aula y en la casa"},"content":{"rendered":"<h1 style=\"text-align: center;\">Taller: Estrategias l\u00fadicas para el desarrollo de la inteligencia emocional infantil en el aula y en la casa<\/h1>\n<p><img loading=\"lazy\" decoding=\"async\" width=\"416\" height=\"552\" src=\"http:\/\/icee-mexico.com\/wp-content\/uploads\/2020\/06\/Logo-ICEE-white-1.png\" alt=\"Logo ICEE\" srcset=\"http:\/\/icee-mexico.com\/wp-content\/uploads\/2020\/06\/Logo-ICEE-white-1.png 416w, http:\/\/icee-mexico.com\/wp-content\/uploads\/2020\/06\/Logo-ICEE-white-1-226x300.png 226w, http:\/\/icee-mexico.com\/wp-content\/uploads\/2020\/06\/Logo-ICEE-white-1-45x60.png 45w\" sizes=\"auto, (max-width: 416px) 100vw, 416px\"><\/p>\n<h2>Informaci\u00f3n b\u00e1sica<\/h2>\n<p><a href=\"\">Dirigido a<\/a><\/p>\n<p>Profesionistas y t\u00e9cnicos enfocados en el cuidado y la atenci\u00f3n de los ni\u00f1os: asistentes educativos, puericultistas, auxiliares educativos, lic. en educaci\u00f3n preescolar, pedagogos, psic\u00f3logos, terapistas ocupacionales, terapistas del lenguaje as\u00ed como personal de estancias infantiles relacionadas con el cuidado y desarrollo de ni\u00f1os de 0 a 6 a\u00f1os y personas interesadas en la tem\u00e1tica.<\/p>\n<p><a href=\"\">Prop\u00f3sito<\/a><\/p>\n<p>Establecer herramientas para manejar las emociones en ni\u00f1os con trastornos del desarrollo<\/p>\n<p><a href=\"\">Horario<\/a><\/p>\n<p>Lunes, de 17:00 a 19:00 horas.<\/p>\n<p><a href=\"\">Duraci\u00f3n<\/a><\/p>\n<p>3 horas<\/p>\n<p><a href=\"\">Modalidad<\/a><\/p>\n<p>Recursos virtuales, video-conferencia (presenciales una vez retomando la nueva normalidad) y pr\u00e1ctica.<\/p>\n<p><a href=\"\">Imparte(n)<\/a><\/p>\n<p><a style=\"color: #70b544;\" href=\"http:\/\/icee-mexico.com\/index.php\/equipo-icee\/\">Psic. Daniela Orteg<\/a>a<\/p>\n<h2>Temario<\/h2>\n<p><a href=\"\">Sesi\u00f3n I<\/a><\/p>\n<p>Que son las emociones y que tipo de emociones existen&nbsp;<\/p>\n<p>Ponente: Psic. Daniela Ortega<\/p>\n<p><a href=\"\">Sesi\u00f3n II<\/a><\/p>\n<p>Identificar los problemas emocionales que padece un ni\u00f1o con trastornos del desarrollo&nbsp;<\/p>\n<p>Ponentes: Psic. Daniela Ortega<\/p>\n<p><a href=\"\">Sesi\u00f3n III<\/a><\/p>\n<p>T\u00e9cnicas y estrategias para trabajar las emociones en ni\u00f1os con trastornos del desarrollo<\/p>\n<p>Ponente: Psic. Daniela Ortega<\/p>\n<h2>\u00a1Inscr\u00edbete ahora!<\/h2>\n<h2>Taller Individual<\/h2>\n<p>\u00a1Taller  especializado!<\/p>\n<p><!-- \/.obfx-title-wrapper -->20USD <!-- \/.obfx-price-wrapper --><\/p>\n<ul>\n<li> Recursos virtuales<\/li>\n<li> Asesor\u00eda personalizada<\/li>\n<li> Certificaci\u00f3n oficial<\/li>\n<li> Validez curricular<\/li>\n<\/ul>\n<p><a href=\"http:\/\/icee-mexico.com\/index.php\/inscripciones\/curso-plus\/\">Elegir<\/a> <!-- \/.obfx-pricing-table-button-wrapper --> <!-- \/.obfx-pricing-table-wrapper --><\/p>\n<h2>Ciclo de Conferenias especiaizado<\/h2>\n<p>\u00a1Incluye 4 talleres especializados !<\/p>\n<p><!-- \/.obfx-title-wrapper -->60USD <!-- \/.obfx-price-wrapper --><\/p>\n<ul>\n<li> Clases online<\/li>\n<li> Recursos virtuales<\/li>\n<li> Asesor\u00eda personalizada<\/li>\n<li> Certificaci\u00f3n oficial<\/li>\n<li> Validez curricular<\/li>\n<\/ul>\n<p><a href=\"http:\/\/icee-mexico.com\/index.php\/inscripciones\/curso-simple\/\">Elegir<\/a> <!-- \/.obfx-pricing-table-button-wrapper --> <!-- \/.obfx-pricing-table-wrapper --><\/p>\n","protected":false},"excerpt":{"rendered":"<p>Taller: Estrategias l\u00fadicas para el desarrollo de la inteligencia emocional infantil en el aula y en la casa Informaci\u00f3n b\u00e1sica Dirigido a Profesionistas y t\u00e9cnicos enfocados en el cuidado y la atenci\u00f3n de los ni\u00f1os: asistentes educativos, puericultistas, auxiliares educativos, lic. en educaci\u00f3n preescolar, pedagogos, psic\u00f3logos, terapistas ocupacionales, terapistas del lenguaje as\u00ed como personal de &hellip; <\/p>\n","protected":false},"author":2,"featured_media":427,"comment_status":"open","ping_status":"open","sticky":false,"template":"elementor_header_footer","format":"standard","meta":{"footnotes":""},"categories":[8],"tags":[],"class_list":["post-631","post","type-post","status-publish","format-standard","has-post-thumbnail","hentry","category-talleres"],"_links":{"self":[{"href":"https:\/\/icee-mexico.com\/index.php\/wp-json\/wp\/v2\/posts\/631","targetHints":{"allow":["GET"]}}],"collection":[{"href":"https:\/\/icee-mexico.com\/index.php\/wp-json\/wp\/v2\/posts"}],"about":[{"href":"https:\/\/icee-mexico.com\/index.php\/wp-json\/wp\/v2\/types\/post"}],"author":[{"embeddable":true,"href":"https:\/\/icee-mexico.com\/index.php\/wp-json\/wp\/v2\/users\/2"}],"replies":[{"embeddable":true,"href":"https:\/\/icee-mexico.com\/index.php\/wp-json\/wp\/v2\/comments?post=631"}],"version-history":[{"count":22,"href":"https:\/\/icee-mexico.com\/index.php\/wp-json\/wp\/v2\/posts\/631\/revisions"}],"predecessor-version":[{"id":734,"href":"https:\/\/icee-mexico.com\/index.php\/wp-json\/wp\/v2\/posts\/631\/revisions\/734"}],"wp:featuredmedia":[{"embeddable":true,"href":"https:\/\/icee-mexico.com\/index.php\/wp-json\/wp\/v2\/media\/427"}],"wp:attachment":[{"href":"https:\/\/icee-mexico.com\/index.php\/wp-json\/wp\/v2\/media?parent=631"}],"wp:term":[{"taxonomy":"category","embeddable":true,"href":"https:\/\/icee-mexico.com\/index.php\/wp-json\/wp\/v2\/categories?post=631"},{"taxonomy":"post_tag","embeddable":true,"href":"https:\/\/icee-mexico.com\/index.php\/wp-json\/wp\/v2\/tags?post=631"}],"curies":[{"name":"wp","href":"https:\/\/api.w.org\/{rel}","templated":true}]}}